{"id":498,"date":"2017-01-19T21:39:11","date_gmt":"2017-01-19T21:39:11","guid":{"rendered":"http:\/\/td_uid_40_59e91b7f60d3c"},"modified":"2018-10-30T23:12:00","modified_gmt":"2018-10-30T23:12:00","slug":"apple-tv-is-finally-changing-the-living-room","status":"publish","type":"post","link":"http:\/\/hoinguoivietstockholm.org\/?p=498","title":{"rendered":"Th\u00f4ng b\u00e1o Ban l\u00e3nh \u0111\u1ea1o, Ban ch\u1ea5p h\u00e0nh H\u1ed9i nhi\u1ec7m k\u1ef3 2016-2018"},"content":{"rendered":"<p>Th\u00f4ng b\u00e1o Ban l\u00e3nh \u0111\u1ea1o, Ban ch\u1ea5p h\u00e0nh H\u1ed9i nhi\u1ec7m k\u1ef3 2016-2018<br \/>\nNg\u00e0y 26 th\u00e1ng 11 n\u0103m 2016, t\u1ea1i Danderyd, H\u1ed9i ng\u01b0\u1eddi Vi\u1ec7t Stockholm v\u00e0 v\u00f9ng ph\u1ee5 c\u1eadn \u0111\u00e3 ti\u1ebfn h\u00e0nh \u0111\u1ea1i h\u1ed9i th\u1ea3o lu\u1eadn v\u1ec1 c\u00e1c ho\u1ea1t \u0111\u1ed9ng v\u00e0 b\u1ea7u ban ch\u1ea5p h\u00e0nh (BCH) nhi\u1ec7m k\u1ef3 m\u1edbi. Sau \u0111\u00f3 BCH \u0111\u00e3 c\u00f3 cu\u1ed9c h\u1ecdp \u0111\u1ea7u ti\u00ean. \u00d4ng Ph\u00f9ng Vi\u1ec7t Anh \u0111\u01b0\u1ee3c b\u1ea7u l\u00e0m Quy\u1ec1n Ch\u1ee7 t\u1ecbch h\u1ed9i, \u00f4ng Tr\u1ea7n Ng\u1ecdc Ho\u00e0n v\u00e0 b\u00e0 Mimmi Bergstr\u00f6m l\u00e0 c\u00e1c Ph\u00f3 ch\u1ee7 t\u1ecbch.<br \/>\nBCH \u0111\u00e3 th\u1ea3o lu\u1eadn ph\u01b0\u01a1ng h\u01b0\u1edbng, tri\u1ec3n khai ho\u1ea1t \u0111\u1ed9ng c\u1ee7a H\u1ed9i trong nhi\u1ec7m k\u1ef3 t\u1edbi v\u00e0 ph\u00e2n c\u00f4ng tr\u00e1ch nhi\u1ec7m cho c\u00e1c \u1ee7y vi\u00ean BCH. Ban l\u00e3nh \u0111\u1ea1o nhi\u1ec7m k\u1ef3 m\u1edbi b\u1ea7y t\u1ecf l\u00f2ng c\u1ea3m \u01a1n ch\u00e2n th\u00e0nh, s\u00e2u s\u1eafc \u0111\u1ebfn ban l\u00e3nh \u0111\u1ea1o v\u00e0 c\u00e1c \u1ee7y vi\u00ean BCH nhi\u1ec7m k\u1ef3 v\u1eeba qua v\u00ec nh\u1eefng ho\u1ea1t \u0111\u1ed9ng, \u0111\u00f3ng g\u00f3p to l\u1edbn ph\u00e1t tri\u1ec3n H\u1ed9i. BCH mong to\u00e0n th\u1ec3 b\u00e0 con v\u00e0 c\u00e1c nh\u00e0 t\u00e0i tr\u1ee3 ti\u1ebfp t\u1ee5c \u1ee7ng h\u1ed9 nhi\u1ec7t t\u00ecnh h\u01a1n n\u1eefa c\u00e1c ho\u1ea1t \u0111\u1ed9ng c\u1ee7a H\u1ed9i nh\u1eb1m x\u00e2y d\u1ef1ng m\u1ed9t c\u1ed9ng \u0111\u1ed3ng ng\u00e0y c\u00e0ng v\u1eefng m\u1ea1nh, \u0111o\u00e0n k\u1ebft.<br \/>\nBan ch\u1ea5p h\u00e0nh nhi\u1ec7m k\u1ef3 2016- 2018:<\/p>\n<p>Quy\u1ec1n Ch\u1ee7 t\u1ecbch<\/p>\n<p>Ph\u00f9ng Vi\u1ec7t Anh<\/p>\n<p>Ph\u00f3 ch\u1ee7 t\u1ecbch<\/p>\n<p>Tr\u1ea7n Ng\u1ecdc Ho\u00e0n<\/p>\n<p>Mimmi Di\u00ea\u0323u H\u01b0\u1eddng Bergstr\u00f6m<\/p>\n<p>\u1ee6y vi\u00ean<\/p>\n<p>Pha\u0323m Thi\u0323 Giang<\/p>\n<p>Ha\u0309i Rydberg<\/p>\n<p>Nguy\u00ea\u0303n Thanh Hu\u031b\u01a1\u0300ng<\/p>\n<p>Hi\u00ea\u0300n Ekeroth<\/p>\n<p>B\u00f9i Thi\u0323 Li\u00ean<br \/>\nNguy\u00ea\u0303n Va\u0306n Minh<\/p>\n<p>Tr\u00e2\u0300n Ho\u00e0ng Mai<\/p>\n<p>Hu\u1ef3nh Phu\u031b\u01a1\u0323ng Natalie<\/p>\n<p>Nguy\u00ea\u0303n Tha\u0309o Tina<\/p>\n<p>L\u00ea Vi\u1eb9\u0302t Trang<\/p>\n<p>Nguy\u1ec5n M\u1ea1nh Th\u1eafng<\/p>\n<p>&#8212;&#8212;&#8212;&#8212;&#8212;&#8212;&#8212;&#8212;&#8212;&#8212;&#8212;&#8212;&#8212;&#8212;&#8212;&#8212;&#8212;&#8212;&#8212;&#8212;&#8212;&#8212;&#8212;&#8212;&#8212;&#8212;&#8212;&#8212;&#8212;&#8212;&#8212;&#8212;&#8212;&#8212;&#8212;&#8212;&#8212;&#8212;-<br \/>\nLedningen i Styrelsen f\u00f6r Vietnamesiska f\u00f6reningen, mandatperiod 2016-2018<br \/>\nVietnamesiska f\u00f6reningen i Stockholm och omnejd hade \u00e5rsm\u00f6te och beslutade att v\u00e4lja ledam\u00f6ter till styrelsen den 26 november 2016. Styrelsen har r\u00f6stat fram ordf\u00f6rande och vice ordf\u00f6randen i sitt f\u00f6rsta m\u00f6te efter valet. Ordf\u00f6rande blir Phung Viet Anh och vice ordf\u00f6randen blir Mimmi Bergstr\u00f6m och Tran Ngoc Hoan.<br \/>\nStyrelsen har g\u00e5tt igenom verksamhetsplanen samt delegerat uppgifter till alla ledam\u00f6ter. Den nya ledningen uttrycker sin djupa uppskattning f\u00f6r den f\u00f6reg\u00e5ende styrelsens stora insatser som skapat framg\u00e5ng och tillv\u00e4xt f\u00f6r f\u00f6reningen.<br \/>\nStyrelsen uppmuntrar alla medlemmars och sponsorers bidrag och deltagande i f\u00f6reningsaktiviteter, i v\u00e5r gemensamma str\u00e4van att bygga upp ett kraftfullt, solidariskt samfund.<br \/>\nStyrelse f\u00f6r period 2016-2018:<br \/>\nOrdf\u00f6rande<\/p>\n<p>Ph\u00f9ng Vi\u1ec7t Anh<\/p>\n<p>Vice ordf\u00f6randen<\/p>\n<p>Tr\u1ea7n Ng\u1ecdc Ho\u00e0n<\/p>\n<p>Mimmi Di\u00ea\u0323u H\u01b0\u1eddng Bergstr\u00f6m<\/p>\n<p>Ledam\u00f6ter<\/p>\n<p>Pha\u0323m Thi\u0323 Giang<\/p>\n<p>Ha\u0309i Rydberg<\/p>\n<p>Nguy\u00ea\u0303n Thanh Hu\u031b\u01a1\u0300ng<\/p>\n<p>Hi\u00ea\u0300n Ekeroth<\/p>\n<p>B\u00f9i Thi\u0323 Li\u00ean<\/p>\n<p>Nguy\u00ea\u0303n Va\u0306n Minh<\/p>\n<p>Tr\u00e2\u0300n Ho\u00e0ng Mai<\/p>\n<p>Hu\u1ef3nh Phu\u031b\u01a1\u0323ng Natalie<\/p>\n<p>Nguy\u00ea\u0303n Tha\u0309o Tina<\/p>\n<p>L\u00ea Vi\u1eb9\u0302t Trang<\/p>\n<p>Nguy\u1ec5n M\u1ea1nh Th\u1eafng<\/p>\n","protected":false},"excerpt":{"rendered":"<p>Th\u00f4ng b\u00e1o Ban l\u00e3nh \u0111\u1ea1o, Ban ch\u1ea5p h\u00e0nh H\u1ed9i nhi\u1ec7m k\u1ef3 2016-2018 Ng\u00e0y 26 th\u00e1ng 11 n\u0103m 2016, t\u1ea1i Danderyd, H\u1ed9i ng\u01b0\u1eddi Vi\u1ec7t Stockholm v\u00e0 v\u00f9ng ph\u1ee5 c\u1eadn \u0111\u00e3 ti\u1ebfn h\u00e0nh \u0111\u1ea1i h\u1ed9i th\u1ea3o lu\u1eadn v\u1ec1 c\u00e1c ho\u1ea1t \u0111\u1ed9ng v\u00e0 b\u1ea7u ban ch\u1ea5p h\u00e0nh (BCH) nhi\u1ec7m k\u1ef3 m\u1edbi. Sau \u0111\u00f3 BCH \u0111\u00e3 c\u00f3 cu\u1ed9c h\u1ecdp [&hellip;]<\/p>\n","protected":false},"author":1,"featured_media":928,"comment_status":"open","ping_status":"open","sticky":false,"template":"","format":"standard","meta":{"footnotes":""},"categories":[52],"tags":[],"class_list":["post-498","post","type-post","status-publish","format-standard","has-post-thumbnail","hentry","category-xa-hoi"],"_links":{"self":[{"href":"http:\/\/hoinguoivietstockholm.org\/index.php?rest_route=\/wp\/v2\/posts\/498","targetHints":{"allow":["GET"]}}],"collection":[{"href":"http:\/\/hoinguoivietstockholm.org\/index.php?rest_route=\/wp\/v2\/posts"}],"about":[{"href":"http:\/\/hoinguoivietstockholm.org\/index.php?rest_route=\/wp\/v2\/types\/post"}],"author":[{"embeddable":true,"href":"http:\/\/hoinguoivietstockholm.org\/index.php?rest_route=\/wp\/v2\/users\/1"}],"replies":[{"embeddable":true,"href":"http:\/\/hoinguoivietstockholm.org\/index.php?rest_route=%2Fwp%2Fv2%2Fcomments&post=498"}],"version-history":[{"count":0,"href":"http:\/\/hoinguoivietstockholm.org\/index.php?rest_route=\/wp\/v2\/posts\/498\/revisions"}],"wp:featuredmedia":[{"embeddable":true,"href":"http:\/\/hoinguoivietstockholm.org\/index.php?rest_route=\/wp\/v2\/media\/928"}],"wp:attachment":[{"href":"http:\/\/hoinguoivietstockholm.org\/index.php?rest_route=%2Fwp%2Fv2%2Fmedia&parent=498"}],"wp:term":[{"taxonomy":"category","embeddable":true,"href":"http:\/\/hoinguoivietstockholm.org\/index.php?rest_route=%2Fwp%2Fv2%2Fcategories&post=498"},{"taxonomy":"post_tag","embeddable":true,"href":"http:\/\/hoinguoivietstockholm.org\/index.php?rest_route=%2Fwp%2Fv2%2Ftags&post=498"}],"curies":[{"name":"wp","href":"https:\/\/api.w.org\/{rel}","templated":true}]}}